{"id":1602,"date":"2013-03-24T14:16:13","date_gmt":"2013-03-24T13:16:13","guid":{"rendered":"http:\/\/peterlienhard.ch\/blog\/?p=1602"},"modified":"2013-03-25T12:48:10","modified_gmt":"2013-03-25T11:48:10","slug":"geht-die-begabtenforderung-in-der-integrativen-schule-auf-oder-unter","status":"publish","type":"post","link":"https:\/\/peterlienhard.ch\/blog\/?p=1602","title":{"rendered":"Geht die Begabtenf\u00f6rderung in der integrativen Schule auf oder unter?"},"content":{"rendered":"<p><a href=\"http:\/\/peterlienhard.ch\/blog\/wp-content\/uploads\/2013\/03\/stufen_begabtenfoerderung.jpg\"><img loading=\"lazy\" src=\"http:\/\/peterlienhard.ch\/blog\/wp-content\/uploads\/2013\/03\/stufen_begabtenfoerderung-300x150.jpg\" alt=\"stufen_begabtenfoerderung\" width=\"300\" height=\"150\" class=\"alignleft size-medium wp-image-1604\" srcset=\"https:\/\/peterlienhard.ch\/blog\/wp-content\/uploads\/2013\/03\/stufen_begabtenfoerderung-300x150.jpg 300w, https:\/\/peterlienhard.ch\/blog\/wp-content\/uploads\/2013\/03\/stufen_begabtenfoerderung-1024x512.jpg 1024w, https:\/\/peterlienhard.ch\/blog\/wp-content\/uploads\/2013\/03\/stufen_begabtenfoerderung.jpg 2028w\" sizes=\"(max-width: 300px) 100vw, 300px\" \/><\/a>In der Debatte um die schulische Integration resp. Inklusion droht die Frage der F\u00f6rderung von Sch\u00fclerinnen und Sch\u00fclern mit besonderer Begabung unterzugehen. Das ist nicht gut.<\/p>\n<p>In einem Beitrag, der in der neuesten Publikation der LISSA-Stiftung \u00ab<a href=\"http:\/\/www.lissa-preis.ch\/default.aspx?page=291\" target=\"_blank\">Begabungsf\u00f6rderung integriert<\/a>\u00bb abgedruckt ist, sind unter anderem verschiedene Stadien beschrieben, in denen sich Schulen bez\u00fcglich Begabungs- und Begabtenf\u00f6rderung befinden k\u00f6nnen (ein Klick auf die Abbildung links macht sie gr\u00f6sser):<\/p>\n<p>\u2022 <strong>Negation<\/strong>: Wenn sich der Unterricht an einer fiktiven \u00abdurchschnittlichen Leistungsf\u00e4higkeit\u00bb orientiert, werden besonders begabte Sch\u00fclerinnen und Sch\u00fcler weder erkannt noch sind sie erw\u00fcnscht, weil sie den Homogenit\u00e4tsanspruch (\u00aballe tun zur gleichen Zeit dasselbe auf dem gleichen Niveau\u00bb) st\u00f6ren.<br \/>\n\u2022 <strong>Delegation<\/strong>: Die p\u00e4dagogische Herausforderung, auch besonders begabten Kindern und Jugendlichen gerecht zu werden, wird an ein spezielles Pull-Out-Programm delegiert. Der eigene Unterricht bleibt von einer entsprechenden Ver\u00e4nderung verschont.<br \/>\n\u2022 <strong>Infiltration<\/strong>: Einzelne Fachpersonen f\u00fcr Begabtenf\u00f6rderung, die in solchen Pull-Out-Programmen t\u00e4tig sind, infiltrieren auf geschickte Weise F\u00f6rderideen (sei es durch Projekte oder Team-Teaching) in die Klassen und letztlich in die Unterrichtspraxis der Lehrpersonen im Schulhaus.<br \/>\n\u2022 <strong>Kooperation<\/strong>: Die Fachperson f\u00fcr Begabtenf\u00f6rderung arbeitet (konzeptuell vorgesehen und entsprechend verbindlich) in vielf\u00e4ltiger Weise mit Regellehrpersonen zusammen, was die Breitenwirkung der Begabungs- und Begabtenf\u00f6rderung innerhalb des Schulhauses erh\u00f6ht.<br \/>\n\u2022  <strong>Evolution<\/strong>: Die Schule hat sich daf\u00fcr entschieden, die klassenbezogenen Unterrichts- und F\u00f6rderstrukturen so zu ver\u00e4ndern, dass sie sowohl lernschwachen als auch besonders begabten Sch\u00fclerinnen und Sch\u00fclern besser entgegen kommen.<\/p>\n<p>&#8658; Der Fachartikel ist hier herunterladbar: <a href=\"http:\/\/peterlienhard.ch\/download\/2013_03_lissa_lienhard.pdf\" target=\"_blank\">pdf-Datei, 1.9 MB<\/a><br \/>\n&#8658; Die Brosch\u00fcre mit diesem Beitrag und verschiedenen Beschreibungen von preisgekr\u00f6nten Schulmodellen ist im Buchhandel unter der ISBN-Nummer ISBN 978-3-033-03894-3 f\u00fcr CHF 20.00 erh\u00e4ltlich. <strong>Personen, welche im Schulbereich t\u00e4tig sind, k\u00f6nnen <a href=\"http:\/\/www.lissa-preis.ch\/default.aspx?page=291\" target=\"_blank\">hier<\/a> ein kostenloses Exemplar bestellen.<\/strong><br \/>\n&#8658; Interessanter Artikel zur Thematik aus der Wochenzeitung DIE ZEIT vom 21. M\u00e4rz 2013: <a href=\"http:\/\/peterlienhard.ch\/download\/2013_03_21_die_zeit_begabtenfoerderung.pdf\">pdf-Datei, 1.3 MB<\/a><\/p>\n","protected":false},"excerpt":{"rendered":"<p>In der Debatte um die schulische Integration resp. Inklusion droht die Frage der F\u00f6rderung von Sch\u00fclerinnen und Sch\u00fclern mit besonderer Begabung unterzugehen. Das ist nicht gut. In einem Beitrag, der in der neuesten Publikation der LISSA-Stiftung \u00abBegabungsf\u00f6rderung integriert\u00bb abgedruckt ist, sind unter anderem verschiedene Stadien beschrieben, in denen sich Schulen bez\u00fcglich Begabungs- und Begabtenf\u00f6rderung befinden &#8230;<\/p>\n<p><a href=\"https:\/\/peterlienhard.ch\/blog\/?p=1602\" class=\"more-link\">Continue reading &lsquo;Geht die Begabtenf\u00f6rderung in der integrativen Schule auf oder unter?&rsquo; &raquo;<\/a><\/p>\n","protected":false},"author":1,"featured_media":0,"comment_status":"closed","ping_status":"open","sticky":false,"template":"","format":"standard","meta":[],"categories":[1,13,11],"tags":[42,40,43,28,31,35,26,96,95,25],"_links":{"self":[{"href":"https:\/\/peterlienhard.ch\/blog\/index.php?rest_route=\/wp\/v2\/posts\/1602"}],"collection":[{"href":"https:\/\/peterlienhard.ch\/blog\/index.php?rest_route=\/wp\/v2\/posts"}],"about":[{"href":"https:\/\/peterlienhard.ch\/blog\/index.php?rest_route=\/wp\/v2\/types\/post"}],"author":[{"embeddable":true,"href":"https:\/\/peterlienhard.ch\/blog\/index.php?rest_route=\/wp\/v2\/users\/1"}],"replies":[{"embeddable":true,"href":"https:\/\/peterlienhard.ch\/blog\/index.php?rest_route=%2Fwp%2Fv2%2Fcomments&post=1602"}],"version-history":[{"count":39,"href":"https:\/\/peterlienhard.ch\/blog\/index.php?rest_route=\/wp\/v2\/posts\/1602\/revisions"}],"predecessor-version":[{"id":1643,"href":"https:\/\/peterlienhard.ch\/blog\/index.php?rest_route=\/wp\/v2\/posts\/1602\/revisions\/1643"}],"wp:attachment":[{"href":"https:\/\/peterlienhard.ch\/blog\/index.php?rest_route=%2Fwp%2Fv2%2Fmedia&parent=1602"}],"wp:term":[{"taxonomy":"category","embeddable":true,"href":"https:\/\/peterlienhard.ch\/blog\/index.php?rest_route=%2Fwp%2Fv2%2Fcategories&post=1602"},{"taxonomy":"post_tag","embeddable":true,"href":"https:\/\/peterlienhard.ch\/blog\/index.php?rest_route=%2Fwp%2Fv2%2Ftags&post=1602"}],"curies":[{"name":"wp","href":"https:\/\/api.w.org\/{rel}","templated":true}]}}