{"id":1985,"date":"2015-03-27T18:02:30","date_gmt":"2015-03-27T17:02:30","guid":{"rendered":"http:\/\/peterlienhard.ch\/blog\/?p=1985"},"modified":"2015-03-27T18:05:42","modified_gmt":"2015-03-27T17:05:42","slug":"1985","status":"publish","type":"post","link":"https:\/\/peterlienhard.ch\/blog\/?p=1985","title":{"rendered":"\u00abRezeptbuch schulische Integration\u00bb ist in zweiter, aktualisierter Auflage erschienen"},"content":{"rendered":"<p><a href=\"http:\/\/peterlienhard.ch\/blog\/wp-content\/uploads\/2015\/03\/rezeptbuch_zweite_auflage.jpg\"><img loading=\"lazy\" src=\"http:\/\/peterlienhard.ch\/blog\/wp-content\/uploads\/2015\/03\/rezeptbuch_zweite_auflage-300x150.jpg\" alt=\"rezeptbuch_zweite_auflage\" width=\"300\" height=\"150\" class=\"alignleft size-medium wp-image-1986\" srcset=\"https:\/\/peterlienhard.ch\/blog\/wp-content\/uploads\/2015\/03\/rezeptbuch_zweite_auflage-300x150.jpg 300w, https:\/\/peterlienhard.ch\/blog\/wp-content\/uploads\/2015\/03\/rezeptbuch_zweite_auflage-1024x512.jpg 1024w, https:\/\/peterlienhard.ch\/blog\/wp-content\/uploads\/2015\/03\/rezeptbuch_zweite_auflage.jpg 1600w\" sizes=\"(max-width: 300px) 100vw, 300px\" \/><\/a>Im Jahr 2011 erschien das \u00abRezeptbuch schulische Integration\u00bb, das ich gemeinsam mit Klaus Joller-Graf und Belinda Mettauer Szaday verfasst habe. Das Interesse an diesem Buch war erfreulich: Es wurde viermal nachgedruckt.<\/p>\n<p>Obwohl vier Jahre keine Ewigkeit sind, hatten wir das Bed\u00fcrfnis, verschiedene Inhalte zu aktualisieren &#8230; nur einige wenige, wie wir zun\u00e4chst dachten. Nach und nach entschieden wir uns jedoch, etliche Passagen zu \u00fcberarbeiten:<br \/>\n&#8658; Aktuelle Forschungsergebnisse zur Wirkung der Integration wurden eingearbeitet.<br \/>\n&#8658; Die didaktische Prinzipien f\u00fcr einen guten Integrativen Unterricht wurden neu strukturiert und konkretisiert.<br \/>\n&#8658; Das Kapitel \u00abF\u00f6rderdiagnostik und F\u00f6rderplanung\u00bb\u00a0wurde deutlich \u00fcberarbeitet und mit einem Abschnitt zum Thema \u00abNachteilsausgleich\u00bb erg\u00e4nzt.<br \/>\n&#8658; Das Kapitel \u00abSo kann schulische Integration gelingen\u00bb\u00a0wurde in den Bereichen \u00abAufgabenteilung zwischen Lehrpersonen und Fachpersonen f\u00fcr Schulische Heilp\u00e4dagogik\u00bb\u00a0sowie \u00abF\u00fchrungs- und Steuerungsaufgaben von Schulleitungen im Bereich Sonderp\u00e4dagogik\u00bb angereichert.<br \/>\n&#8658; Die Hinweise zu empfehlenswerten B\u00fcchern, Materialien und Medien wurden aktualisiert.<\/p>\n<p>Das Inhaltsverzeichnis und die Vorworte zu den Auflagen 1 und 2 k\u00f6nnen hier heruntergeladen werden: <a href=\"http:\/\/peterlienhard.ch\/download\/rezeptbuch_zweite_auflage_inhalt_vorworte.pdf\" target=\"_blank\">pdf-Datei, 5.2 MB<\/a><\/p>\n<p>Das Buch kann hier bestellt werden: direkt beim <a href=\"http:\/\/www.haupt.ch\/Verlag\/Buecher\/Paedagogik-Soziales\/Paedagogik-Bildung\/Rezeptbuch-schulische-Integration.html?listtype=search&#038;searchparam=lienhard\" target=\"_blank\">Haupt-Verlag<\/a>, bei <a href=\"http:\/\/www.exlibris.ch\/de\/buecher-buch\/deutschsprachige-buecher\/peter-lienhard-tuggener\/rezeptbuch-schulische-integration\/id\/9783258079042\" target=\"_blank\">ex libris<\/a>, bei <a href=\" http:\/\/www.buch.ch\/shop\/bch_start_startseite\/suchartikel\/rezeptbuch_schulische_integration\/peter_lienhard_tugge\/ISBN3-258-07904-8\/ID41921149.html?fftrk=1%3A1%3A10%3A10%3A1&#038;jumpId=4000333\" target=\"_blank\">buch.ch<\/a>, bei <a href=\" http:\/\/www.amazon.de\/Rezeptbuch-schulische-Integration-Peter-Lienhard-Tuggener\/dp\/3258079048\/ref=sr_1_2?ie=UTF8&#038;qid=1427473885&#038;sr=8-2&#038;keywords=lienhard-tuggener\" target=\"_blank\">amazon.de<\/a><\/p>\n","protected":false},"excerpt":{"rendered":"<p>Im Jahr 2011 erschien das \u00abRezeptbuch schulische Integration\u00bb, das ich gemeinsam mit Klaus Joller-Graf und Belinda Mettauer Szaday verfasst habe. Das Interesse an diesem Buch war erfreulich: Es wurde viermal nachgedruckt. Obwohl vier Jahre keine Ewigkeit sind, hatten wir das Bed\u00fcrfnis, verschiedene Inhalte zu aktualisieren &#8230; nur einige wenige, wie wir zun\u00e4chst dachten. Nach und &#8230;<\/p>\n<p><a href=\"https:\/\/peterlienhard.ch\/blog\/?p=1985\" class=\"more-link\">Continue reading &lsquo;\u00abRezeptbuch schulische Integration\u00bb ist in zweiter, aktualisierter Auflage erschienen&rsquo; &raquo;<\/a><\/p>\n","protected":false},"author":1,"featured_media":0,"comment_status":"closed","ping_status":"closed","sticky":false,"template":"","format":"standard","meta":[],"categories":[13,68,11,12],"tags":[42,43,39,98,46,7,23,35,21,26,96,95,9,14,27,36],"_links":{"self":[{"href":"https:\/\/peterlienhard.ch\/blog\/index.php?rest_route=\/wp\/v2\/posts\/1985"}],"collection":[{"href":"https:\/\/peterlienhard.ch\/blog\/index.php?rest_route=\/wp\/v2\/posts"}],"about":[{"href":"https:\/\/peterlienhard.ch\/blog\/index.php?rest_route=\/wp\/v2\/types\/post"}],"author":[{"embeddable":true,"href":"https:\/\/peterlienhard.ch\/blog\/index.php?rest_route=\/wp\/v2\/users\/1"}],"replies":[{"embeddable":true,"href":"https:\/\/peterlienhard.ch\/blog\/index.php?rest_route=%2Fwp%2Fv2%2Fcomments&post=1985"}],"version-history":[{"count":9,"href":"https:\/\/peterlienhard.ch\/blog\/index.php?rest_route=\/wp\/v2\/posts\/1985\/revisions"}],"predecessor-version":[{"id":1995,"href":"https:\/\/peterlienhard.ch\/blog\/index.php?rest_route=\/wp\/v2\/posts\/1985\/revisions\/1995"}],"wp:attachment":[{"href":"https:\/\/peterlienhard.ch\/blog\/index.php?rest_route=%2Fwp%2Fv2%2Fmedia&parent=1985"}],"wp:term":[{"taxonomy":"category","embeddable":true,"href":"https:\/\/peterlienhard.ch\/blog\/index.php?rest_route=%2Fwp%2Fv2%2Fcategories&post=1985"},{"taxonomy":"post_tag","embeddable":true,"href":"https:\/\/peterlienhard.ch\/blog\/index.php?rest_route=%2Fwp%2Fv2%2Ftags&post=1985"}],"curies":[{"name":"wp","href":"https:\/\/api.w.org\/{rel}","templated":true}]}}