{"id":2247,"date":"2018-12-24T12:55:08","date_gmt":"2018-12-24T11:55:08","guid":{"rendered":"http:\/\/peterlienhard.ch\/blog\/?p=2247"},"modified":"2018-12-24T13:25:11","modified_gmt":"2018-12-24T12:25:11","slug":"schulassistent-in-werden-trotz-kognitiven-oder-anderen-beeintraechtigungen","status":"publish","type":"post","link":"https:\/\/peterlienhard.ch\/blog\/?p=2247","title":{"rendered":"Schulassistent\/in werden \u2013 trotz kognitiver Beeintr\u00e4chtigung"},"content":{"rendered":"<p><a href=\"http:\/\/peterlienhard.ch\/blog\/wp-content\/uploads\/2018\/12\/lucien_le_unterstrass.jpg\"><img loading=\"lazy\" class=\"alignleft size-medium wp-image-2248\" src=\"http:\/\/peterlienhard.ch\/blog\/wp-content\/uploads\/2018\/12\/lucien_le_unterstrass-300x150.jpg\" alt=\"\" width=\"300\" height=\"150\" srcset=\"https:\/\/peterlienhard.ch\/blog\/wp-content\/uploads\/2018\/12\/lucien_le_unterstrass-300x150.jpg 300w, https:\/\/peterlienhard.ch\/blog\/wp-content\/uploads\/2018\/12\/lucien_le_unterstrass-768x384.jpg 768w, https:\/\/peterlienhard.ch\/blog\/wp-content\/uploads\/2018\/12\/lucien_le_unterstrass-1024x512.jpg 1024w, https:\/\/peterlienhard.ch\/blog\/wp-content\/uploads\/2018\/12\/lucien_le_unterstrass.jpg 2000w\" sizes=\"(max-width: 300px) 100vw, 300px\" \/><\/a><em>(Bild: NZZ am Sonntag)<\/em><\/p>\n<p>Das ist Lucien Le. Er absolviert gerade ein Praktikum an der Grundstufe der Gesamtschule Unterstrass. Ausgebildet wird er am Institut Unterstrass, einen Lehrerbildungsst\u00e4tte, die mit der P\u00e4dagogischen Hochschule Z\u00fcrich assoziiert ist.<\/p>\n<p>Lucien Le hatte keinen einfachen Start ins Leben: W\u00e4hrend seiner Geburt trat ein Sauerstoffmangel auf, der irreparable Sch\u00e4den an seinem Gehirn verursachte. Er ist\u00a0 k\u00f6rperlich und kognitiv beeintr\u00e4chtigt.<\/p>\n<p>Derzeit wird er am Institut Unterstrass im Rahmen des Projekts \u00ab\u00e9colsiv\u00bb zum Schulassistenten ausgebildet. Pro Jahrgang eines Lehrerbildungs-Ausbildungsgangs haben zwei junge Menschen mit Beeintr\u00e4chtigung diese Chance. Die Ziele und Inhalte der Ausbildung werden individuell an die Kompetenzen dieser Studierenden angepasst.<\/p>\n<p>Ein Artikel der NZZ (<a href=\"https:\/\/nzzas.nzz.ch\/schweiz\/lehrer-trotz-allem-menschen-mit-kognitiven-beeintraechtigungen-werden-zu-hilfslehrern-ausgebildet-ld.1447242?reduced=true\" target=\"_blank\" rel=\"noopener\">online-Link Artikel<\/a>; <a href=\"http:\/\/peterlienhard.ch\/download\/181223_ecolsiv.pdf\" target=\"_blank\" rel=\"noopener\">download Artikel<\/a>; <a href=\"https:\/\/www.youtube.com\/watch?v=0icWB9NTw8o&amp;feature=ytmp4\" target=\"_blank\" rel=\"noopener\">Film-Interview mit Lucien Le<\/a>) am Sonntag zeigt eindr\u00fccklich auf, wie engagiert und unkompliziert diese in der Schweiz einzigartige Ausbildungsm\u00f6glichkeit erprobt und umgesetzt wird. Einzig der Haupttitel des Artikels (\u00abLehrer trotz allem\u00bb) ist nicht ganz gl\u00fccklich gew\u00e4hlt: Es geht in diesem Projekt nicht darum, Lehrpersonen auszubilden, sondern Assistenzpersonen, die unter der Verantwortung von regul\u00e4ren Lehrpersonen einen wertvollen Beitrag im Rahmen der Volksschule leisten k\u00f6nnen.<\/p>\n<p>Ein tolles Projekt &#8230; und ein tolles Interview mit Stephan B\u00f6hm im Anschluss an den Artikel (Stephan B\u00f6hm ist Professor f\u00fcr Betriebswirtschaft und Direktor des \u00abCenter for Disability and Integration\u00bb an der Uni St. Gallen).<\/p>\n","protected":false},"excerpt":{"rendered":"<p>(Bild: NZZ am Sonntag) Das ist Lucien Le. Er absolviert gerade ein Praktikum an der Grundstufe der Gesamtschule Unterstrass. Ausgebildet wird er am Institut Unterstrass, einen Lehrerbildungsst\u00e4tte, die mit der P\u00e4dagogischen Hochschule Z\u00fcrich assoziiert ist. Lucien Le hatte keinen einfachen Start ins Leben: W\u00e4hrend seiner Geburt trat ein Sauerstoffmangel auf, der irreparable Sch\u00e4den an seinem &#8230;<\/p>\n<p><a href=\"https:\/\/peterlienhard.ch\/blog\/?p=2247\" class=\"more-link\">Continue reading &lsquo;Schulassistent\/in werden \u2013 trotz kognitiver Beeintr\u00e4chtigung&rsquo; &raquo;<\/a><\/p>\n","protected":false},"author":1,"featured_media":0,"comment_status":"closed","ping_status":"closed","sticky":false,"template":"","format":"standard","meta":[],"categories":[13],"tags":[39,28,110,26,111,96,112,113],"_links":{"self":[{"href":"https:\/\/peterlienhard.ch\/blog\/index.php?rest_route=\/wp\/v2\/posts\/2247"}],"collection":[{"href":"https:\/\/peterlienhard.ch\/blog\/index.php?rest_route=\/wp\/v2\/posts"}],"about":[{"href":"https:\/\/peterlienhard.ch\/blog\/index.php?rest_route=\/wp\/v2\/types\/post"}],"author":[{"embeddable":true,"href":"https:\/\/peterlienhard.ch\/blog\/index.php?rest_route=\/wp\/v2\/users\/1"}],"replies":[{"embeddable":true,"href":"https:\/\/peterlienhard.ch\/blog\/index.php?rest_route=%2Fwp%2Fv2%2Fcomments&post=2247"}],"version-history":[{"count":14,"href":"https:\/\/peterlienhard.ch\/blog\/index.php?rest_route=\/wp\/v2\/posts\/2247\/revisions"}],"predecessor-version":[{"id":2265,"href":"https:\/\/peterlienhard.ch\/blog\/index.php?rest_route=\/wp\/v2\/posts\/2247\/revisions\/2265"}],"wp:attachment":[{"href":"https:\/\/peterlienhard.ch\/blog\/index.php?rest_route=%2Fwp%2Fv2%2Fmedia&parent=2247"}],"wp:term":[{"taxonomy":"category","embeddable":true,"href":"https:\/\/peterlienhard.ch\/blog\/index.php?rest_route=%2Fwp%2Fv2%2Fcategories&post=2247"},{"taxonomy":"post_tag","embeddable":true,"href":"https:\/\/peterlienhard.ch\/blog\/index.php?rest_route=%2Fwp%2Fv2%2Ftags&post=2247"}],"curies":[{"name":"wp","href":"https:\/\/api.w.org\/{rel}","templated":true}]}}